{"id":434,"date":"2023-08-25T17:12:18","date_gmt":"2023-08-25T15:12:18","guid":{"rendered":"https:\/\/www.parlons-psychologie.com\/accueil\/?p=434"},"modified":"2023-08-25T17:12:18","modified_gmt":"2023-08-25T15:12:18","slug":"groupe-de-paroles-le-couple","status":"publish","type":"post","link":"https:\/\/www.parlons-psychologie.com\/accueil\/groupe-de-paroles-le-couple\/","title":{"rendered":"Groupe de paroles: LE COUPLE"},"content":{"rendered":"<h2><span style=\"color: #0000ff;\">Groupe de paroles : LE COUPLE<\/span><\/h2>\n<p><img loading=\"lazy\" class=\" wp-image-395 alignleft\" src=\"https:\/\/www.parlons-psychologie.com\/wp-content\/uploads\/2023\/04\/charge-familiale-232x300.jpg\" alt=\"\" width=\"207\" height=\"268\" srcset=\"https:\/\/www.parlons-psychologie.com\/wp-content\/uploads\/2023\/04\/charge-familiale-232x300.jpg 232w, https:\/\/www.parlons-psychologie.com\/wp-content\/uploads\/2023\/04\/charge-familiale.jpg 664w\" sizes=\"(max-width: 207px) 100vw, 207px\" \/>Que vous soyez <strong>en couple<\/strong> depuis 3 jours ou 30 ans, <strong>c\u00e9libataire<\/strong>, en proc\u00e9dure de<strong> divorce<\/strong> ou <strong>polyamoureux\/se<\/strong>, quel que soit <strong>votre genre ou votre orientations sexuelle,<\/strong> votre \u00e2ge ou le nombre de vos partenaires, <span style=\"color: #0000ff;\">si la question du couple vous int\u00e9resse, ce moment est pour vous<\/span> !<\/p>\n<p>D\u00e9j\u00e0, une tr\u00e8s grande majorit\u00e9 des interrogations ou des raisons des consultations ont \u00e0 voir avec le couple.<br \/>\nEnsuite, avec les ann\u00e9es,<span style=\"color: #0000ff;\"> j\u2019ai construit de v\u00e9ritables outils th\u00e9rapeutiques efficaces pour accompagner <a href=\"https:\/\/www.parlons-psychologie.com\/accueil\/les-therapies-de-couple\/\">les couples en th\u00e9rapie<\/a><\/span>.<\/p>\n<p><span style=\"color: #3366ff;\"><strong>Et enfin, j\u2019entends (trop) souvent mes patient.e.s s\u2019inqui\u00e9ter, croire, douter en imaginant ce qui se passe chez les autres.<\/strong><\/span><\/p>\n<p>Il \u00e9tait temps de proposer alors une ouverture sur <strong>ce qu\u2019est v\u00e9ritablement la notion \u00ab d\u2019\u00eatre en couple \u00bb<\/strong> en abordant la place de la <span style=\"color: #3366ff;\"><strong>communication<\/strong><\/span> (ah, celle-l\u00e0, on la lit, voit, entend, aupr\u00e8s de tous et toutes ces grand.e.s conseillers et conseill\u00e8res de la conjugalit\u00e9 !),<span style=\"color: #3366ff;\"><strong> le quotidien<\/strong><\/span>, les <strong><span style=\"color: #3366ff;\">disputes<\/span><\/strong>, la <a href=\"https:\/\/www.parlons-psychologie.com\/accueil\/la-page-sexo\/\"><span style=\"color: #3366ff;\"><strong>sexualit\u00e9<\/strong> <\/span><\/a>etc.<\/p>\n<p><span style=\"color: #800080;\"><strong>L\u2019objectif ici est de progresser ensemble dans une r\u00e9flexion commune mais encadr\u00e9e par une psychologue dont c\u2019est la sp\u00e9cialit\u00e9.<\/strong><\/span><\/p>\n<p>Je vous retrouverai donc \u00e0 dates pr\u00e9cises,<strong> de 20h \u00e0 21h<\/strong> pour aborder les sujets suivants :<\/p>\n<h3>\n<span style=\"color: #0000ff;\">Le calendrier :<img loading=\"lazy\" class=\" wp-image-420 alignright\" src=\"https:\/\/www.parlons-psychologie.com\/wp-content\/uploads\/2023\/07\/calendrier-couple-169x300.png\" alt=\"\" width=\"369\" height=\"655\" srcset=\"https:\/\/www.parlons-psychologie.com\/wp-content\/uploads\/2023\/07\/calendrier-couple-169x300.png 169w, https:\/\/www.parlons-psychologie.com\/wp-content\/uploads\/2023\/07\/calendrier-couple-576x1024.png 576w, https:\/\/www.parlons-psychologie.com\/wp-content\/uploads\/2023\/07\/calendrier-couple-768x1365.png 768w, https:\/\/www.parlons-psychologie.com\/wp-content\/uploads\/2023\/07\/calendrier-couple-864x1536.png 864w, https:\/\/www.parlons-psychologie.com\/wp-content\/uploads\/2023\/07\/calendrier-couple.png 1080w\" sizes=\"(max-width: 369px) 100vw, 369px\" \/><\/span><\/h3>\n<p><strong><span style=\"color: #993366;\">&#8211; Le 7 septembre 2023 &#8211; \u00catre couple : une aventure complexe<\/span><\/strong><br \/>\nNous verrons que le couple est beaucoup plus complexe que la simple vision id\u00e9alis\u00e9e de l\u2019amour \u00ab \u00e9vidence \u00bb. Il va donc n\u00e9cessiter une r\u00e9flexion qui d\u00e9bouchera sur une appr\u00e9hension diff\u00e9rente\u2026<\/p>\n<p><span style=\"color: #993366;\"><strong>&#8211; Le 10 octobre 2023 \u2013 La communication \u00e9motionnelle \u2013 Partie 1<\/strong><\/span><br \/>\nParce que, moi aussi, j\u2019en ai marre d\u2019entendre partout que la solution \u00ab c\u2019est de communiquer \u00bb, on va r\u00e9fl\u00e9chir \u00e0 la place de cette fameuse communication pour mieux la comprendre.<\/p>\n<p><span style=\"color: #993366;\"><strong>&#8211; Le 7 novembre 2023 \u2013 Interpr\u00e9tation, Compr\u00e9hension, Adh\u00e9sion<\/strong><\/span><br \/>\nMais qui a dit que le couple rimait forc\u00e9ment avec accords ? Entre ce que je crois, entends, comprends, veux etc. bref, on regarde ce qui se passe vraiment.<\/p>\n<p><span style=\"color: #993366;\"><strong>&#8211; Le 5 d\u00e9cembre 2023 \u2013 La communication, Partie 2<\/strong><\/span><br \/>\nQu\u2019a-t-on retenu ? Mis en place ? Vu fonctionner (ou pas) ? Avant la fin de cette ann\u00e9e, nous poserons les outils cl\u00e9s des \u00e9changes et des attentes dans le couple.<\/p>\n<p><span style=\"color: #993366;\"><strong>&#8211; Le 9 janvier 2024 \u2013 Les attentes : entre r\u00eave et r\u00e9alit\u00e9<\/strong><\/span><br \/>\n\u00ab Prince charmant \u00bb, \u00ab \u00e9vidence \u00bb, \u00ab osmose \u00bb, \u00ab fluidit\u00e9 \u00bb\u2026 Et si l\u2019amour n\u2019\u00e9tait finalement pas ce que je croyais \/esp\u00e9rais \/ voulais ? Que faire de \u00e7a ?<\/p>\n<p><span style=\"color: #993366;\"><strong>&#8211; Le 6 f\u00e9vrier 2024 \u2013 \u00catre et faire ENSEMBLE<\/strong><\/span><br \/>\nLa question du \u00ab ensemble \u00bb m\u00e9rite aussi qu\u2019on se penche dessus. Et que l\u2019on en fasse une vraie ressource !<\/p>\n<p><span style=\"color: #993366;\"><strong>&#8211; Le 5 mars 2024 \u2013 Disputes et conflits<\/strong><\/span><br \/>\nLes disputes ont-elles une fonctionnalit\u00e9 dans le couple ? Comment (et peut-on) les \u00e9viter ? Y a-t-il des cl\u00e9s pour en sortir ?<\/p>\n<p><strong><span style=\"color: #993366;\">&#8211; Le 4 avril 2024 \u2013 Couple et sexualit\u00e9<\/span><\/strong><br \/>\nNous ouvrirons cette session \u00e0 toutes les interrogations autour de la sexualit\u00e9<\/p>\n<p><span style=\"color: #993366;\"><strong>&#8211; Le 7 mai 2024 \u2013 LES couples : du conjugal au parental<\/strong><\/span><br \/>\nEt l\u2019arriv\u00e9e des enfants finalement ? Quels changements ? Quelles \u00e9volutions ?<\/p>\n<p><span style=\"color: #993366;\"><strong>&#8211; Le 4 juin 2024 \u2013 La communication r\u00e9elle \u2013 Partie 3<\/strong><\/span><\/p>\n<p>Cette session sera l\u2019occasion de faire un point sur ce que l\u2019on a appris, ce qui permet de progresser, les outils qui nous ont \u00e9t\u00e9 utiles et d\u2019autres que je vous donnerai\u2026 Juste avant l\u2019\u00e9t\u00e9 !<\/p>\n<p>&nbsp;<\/p>\n<h3><span style=\"color: #0000ff;\">Inscriptions et Informations: vlafarge.psychologue@gmail.com<\/span><\/h3>\n<p>&nbsp;<\/p>\n","protected":false},"excerpt":{"rendered":"<p>Groupe de paroles : LE COUPLE Que vous soyez en couple depuis 3 jours ou 30 ans, c\u00e9libataire, en proc\u00e9dure de divorce ou polyamoureux\/se, quel que soit votre genre ou votre orientations sexuelle, votre \u00e2ge ou le nombre de vos partenaires, si la question du couple vous int\u00e9resse, ce moment est pour vous ! D\u00e9j\u00e0,&hellip;<\/p>\n","protected":false},"author":2,"featured_media":0,"comment_status":"closed","ping_status":"closed","sticky":false,"template":"","format":"standard","meta":[],"categories":[1],"tags":[],"yoast_head":"<!-- This site is optimized with the Yoast SEO plugin v15.5 - https:\/\/yoast.com\/wordpress\/plugins\/seo\/ -->\n<title>Groupe de paroles: LE COUPLE - Parlons Psychologie<\/title>\n<meta name=\"description\" content=\"Qui n&#039;a jamais r\u00eaver de savoir ce qui se passe dans les autres couples ? Avec une psychologue, parlons-en ensemble !\" \/>\n<meta name=\"robots\" content=\"index, follow, max-snippet:-1, max-image-preview:large, max-video-preview:-1\" \/>\n<link rel=\"canonical\" href=\"https:\/\/www.parlons-psychologie.com\/accueil\/groupe-de-paroles-le-couple\/\" \/>\n<meta property=\"og:locale\" content=\"fr_FR\" \/>\n<meta property=\"og:type\" content=\"article\" \/>\n<meta property=\"og:title\" content=\"Groupe de paroles: LE COUPLE - Parlons Psychologie\" \/>\n<meta property=\"og:description\" content=\"Qui n&#039;a jamais r\u00eaver de savoir ce qui se passe dans les autres couples ? Avec une psychologue, parlons-en ensemble !\" \/>\n<meta property=\"og:url\" content=\"https:\/\/www.parlons-psychologie.com\/accueil\/groupe-de-paroles-le-couple\/\" \/>\n<meta property=\"og:site_name\" content=\"Parlons Psychologie\" \/>\n<meta property=\"article:publisher\" content=\"https:\/\/www.facebook.com\/psychologueVLafarge\/about\" \/>\n<meta property=\"article:author\" content=\"https:\/\/www.facebook.com\/psychologueVLafarge\/about\" \/>\n<meta property=\"article:published_time\" content=\"2023-08-25T15:12:18+00:00\" \/>\n<meta property=\"og:image\" content=\"https:\/\/www.parlons-psychologie.com\/wp-content\/uploads\/2023\/04\/charge-familiale-232x300.jpg\" \/>\n<meta name=\"twitter:card\" content=\"summary_large_image\" \/>\n<meta name=\"twitter:label1\" content=\"Dur\u00e9e de lecture est.\">\n\t<meta name=\"twitter:data1\" content=\"2 minutes\">\n<script type=\"application\/ld+json\" class=\"yoast-schema-graph\">{\"@context\":\"https:\/\/schema.org\",\"@graph\":[{\"@type\":\"WebSite\",\"@id\":\"https:\/\/www.parlons-psychologie.com\/accueil\/#website\",\"url\":\"https:\/\/www.parlons-psychologie.com\/accueil\/\",\"name\":\"Parlons Psychologie\",\"description\":\"Virginie Lafarge - Psychologue\",\"publisher\":{\"@id\":\"https:\/\/www.parlons-psychologie.com\/accueil\/#\/schema\/person\/1a89ea561921bc639ab65207edc63fb6\"},\"potentialAction\":[{\"@type\":\"SearchAction\",\"target\":\"https:\/\/www.parlons-psychologie.com\/accueil\/?s={search_term_string}\",\"query-input\":\"required name=search_term_string\"}],\"inLanguage\":\"fr-FR\"},{\"@type\":\"ImageObject\",\"@id\":\"https:\/\/www.parlons-psychologie.com\/accueil\/groupe-de-paroles-le-couple\/#primaryimage\",\"inLanguage\":\"fr-FR\",\"url\":\"https:\/\/www.parlons-psychologie.com\/wp-content\/uploads\/2023\/04\/charge-familiale.jpg\",\"width\":664,\"height\":859},{\"@type\":\"WebPage\",\"@id\":\"https:\/\/www.parlons-psychologie.com\/accueil\/groupe-de-paroles-le-couple\/#webpage\",\"url\":\"https:\/\/www.parlons-psychologie.com\/accueil\/groupe-de-paroles-le-couple\/\",\"name\":\"Groupe de paroles: LE COUPLE - Parlons Psychologie\",\"isPartOf\":{\"@id\":\"https:\/\/www.parlons-psychologie.com\/accueil\/#website\"},\"primaryImageOfPage\":{\"@id\":\"https:\/\/www.parlons-psychologie.com\/accueil\/groupe-de-paroles-le-couple\/#primaryimage\"},\"datePublished\":\"2023-08-25T15:12:18+00:00\",\"dateModified\":\"2023-08-25T15:12:18+00:00\",\"description\":\"Qui n'a jamais r\\u00eaver de savoir ce qui se passe dans les autres couples ? Avec une psychologue, parlons-en ensemble !\",\"inLanguage\":\"fr-FR\",\"potentialAction\":[{\"@type\":\"ReadAction\",\"target\":[\"https:\/\/www.parlons-psychologie.com\/accueil\/groupe-de-paroles-le-couple\/\"]}]},{\"@type\":\"Article\",\"@id\":\"https:\/\/www.parlons-psychologie.com\/accueil\/groupe-de-paroles-le-couple\/#article\",\"isPartOf\":{\"@id\":\"https:\/\/www.parlons-psychologie.com\/accueil\/groupe-de-paroles-le-couple\/#webpage\"},\"author\":{\"@id\":\"https:\/\/www.parlons-psychologie.com\/accueil\/#\/schema\/person\/1a89ea561921bc639ab65207edc63fb6\"},\"headline\":\"Groupe de paroles: LE COUPLE\",\"datePublished\":\"2023-08-25T15:12:18+00:00\",\"dateModified\":\"2023-08-25T15:12:18+00:00\",\"mainEntityOfPage\":{\"@id\":\"https:\/\/www.parlons-psychologie.com\/accueil\/groupe-de-paroles-le-couple\/#webpage\"},\"publisher\":{\"@id\":\"https:\/\/www.parlons-psychologie.com\/accueil\/#\/schema\/person\/1a89ea561921bc639ab65207edc63fb6\"},\"image\":{\"@id\":\"https:\/\/www.parlons-psychologie.com\/accueil\/groupe-de-paroles-le-couple\/#primaryimage\"},\"inLanguage\":\"fr-FR\"},{\"@type\":[\"Person\",\"Organization\"],\"@id\":\"https:\/\/www.parlons-psychologie.com\/accueil\/#\/schema\/person\/1a89ea561921bc639ab65207edc63fb6\",\"name\":\"Virginie Lafarge\",\"logo\":{\"@id\":\"https:\/\/www.parlons-psychologie.com\/accueil\/#personlogo\"},\"sameAs\":[\"https:\/\/www.parlons-psychologie.com\",\"https:\/\/www.facebook.com\/psychologueVLafarge\/about\",\"parlons.psychologie\",\"https:\/\/www.linkedin.com\/in\/virginie-lafarge-41362049\/\"]}]}<\/script>\n<!-- \/ Yoast SEO plugin. -->","_links":{"self":[{"href":"https:\/\/www.parlons-psychologie.com\/accueil\/wp-json\/wp\/v2\/posts\/434"}],"collection":[{"href":"https:\/\/www.parlons-psychologie.com\/accueil\/wp-json\/wp\/v2\/posts"}],"about":[{"href":"https:\/\/www.parlons-psychologie.com\/accueil\/wp-json\/wp\/v2\/types\/post"}],"author":[{"embeddable":true,"href":"https:\/\/www.parlons-psychologie.com\/accueil\/wp-json\/wp\/v2\/users\/2"}],"replies":[{"embeddable":true,"href":"https:\/\/www.parlons-psychologie.com\/accueil\/wp-json\/wp\/v2\/comments?post=434"}],"version-history":[{"count":1,"href":"https:\/\/www.parlons-psychologie.com\/accueil\/wp-json\/wp\/v2\/posts\/434\/revisions"}],"predecessor-version":[{"id":435,"href":"https:\/\/www.parlons-psychologie.com\/accueil\/wp-json\/wp\/v2\/posts\/434\/revisions\/435"}],"wp:attachment":[{"href":"https:\/\/www.parlons-psychologie.com\/accueil\/wp-json\/wp\/v2\/media?parent=434"}],"wp:term":[{"taxonomy":"category","embeddable":true,"href":"https:\/\/www.parlons-psychologie.com\/accueil\/wp-json\/wp\/v2\/categories?post=434"},{"taxonomy":"post_tag","embeddable":true,"href":"https:\/\/www.parlons-psychologie.com\/accueil\/wp-json\/wp\/v2\/tags?post=434"}],"curies":[{"name":"wp","href":"https:\/\/api.w.org\/{rel}","templated":true}]}}